{"id":5700,"date":"2025-04-01T18:06:59","date_gmt":"2025-04-01T16:06:59","guid":{"rendered":"https:\/\/costarent.es\/?p=5700"},"modified":"2025-07-09T18:08:06","modified_gmt":"2025-07-09T16:08:06","slug":"lloguer-de-maquinaria-per-a-jardineria","status":"publish","type":"post","link":"https:\/\/costarent.es\/ca\/lloguer-de-maquinaria-per-a-jardineria\/","title":{"rendered":"Lloguer de maquin\u00e0ria per a jardineria"},"content":{"rendered":"<div class=\"\" data-block=\"true\" data-editor=\"9sf2\" data-offset-key=\"3e53t-0-0\">\n<div class=\"public-DraftStyleDefault-block public-DraftStyleDefault-ltr\" data-offset-key=\"3e53t-0-0\">\n<div class=\"\" data-block=\"true\" data-editor=\"c0iro\" data-offset-key=\"3of7i-0-0\">\n<div class=\"public-DraftStyleDefault-block public-DraftStyleDefault-ltr\" data-offset-key=\"3of7i-0-0\">\n<div class=\"\" data-block=\"true\" data-editor=\"4gqt5\" data-offset-key=\"3a825-0-0\">\n<p data-pm-slice=\"1 1 []\">Si busques maquin\u00e0ria de jardineria de lloguer a Barcelona i rodalies, Costa Rent \u00e9s la millor opci\u00f3.<\/p>\n<\/div>\n<\/div>\n<\/div>\n<\/div>\n<\/div>\n<p data-pm-slice=\"1 1 []\"><!--more--><\/p>\n<div class=\"\" data-block=\"true\" data-editor=\"4gqt5\" data-offset-key=\"bl7fc-0-0\"><\/div>\n<div data-offset-key=\"c5gbr-0-0\">\n<div class=\"isolate w-full basis-auto has-[[data-has-thread-error]]:pt-2 has-[[data-has-thread-error]]:[box-shadow:var(--sharp-edge-bottom-shadow)] dark:border-white\/20 md:border-transparent md:pt-0 md:dark:border-transparent flex flex-col\">\n<div>\n<div class=\"text-base mx-auto px-3 md:px-4 w-full md:px-5 lg:px-4 xl:px-5\">\n<div class=\"mx-auto flex flex-1 text-base gap-4 md:gap-5 lg:gap-6 md:max-w-3xl\">\n<div class=\"relative z-[1] flex max-w-full flex-1 flex-col h-full max-xs:[--force-hide-label:none]\" aria-haspopup=\"dialog\" aria-expanded=\"false\" aria-controls=\"radix-:rt6:\" data-state=\"closed\">\n<form class=\"w-full\" data-type=\"unified-composer\">\n<div class=\"flex w-full cursor-text flex-col items-center justify-center rounded-[28px] border border-token-border-xlight contain-inline-size overflow-clip shadow-sm dark:!shadow-none sm:shadow-lg bg-token-main-surface-primary dark:bg-[#303030]\">\n<div class=\"relative flex w-full items-end px-3 py-3\">\n<div class=\"relative flex w-full flex-auto flex-col\">\n<div>\n<div class=\"isolate w-full basis-auto has-[[data-has-thread-error]]:pt-2 has-[[data-has-thread-error]]:[box-shadow:var(--sharp-edge-bottom-shadow)] dark:border-white\/20 md:border-transparent md:pt-0 md:dark:border-transparent flex flex-col\">\n<div>\n<div class=\"text-base mx-auto px-3 md:px-4 w-full md:px-5 lg:px-4 xl:px-5\">\n<div class=\"mx-auto flex flex-1 text-base gap-4 md:gap-5 lg:gap-6 md:max-w-3xl lg:max-w-[40rem] xl:max-w-[48rem]\">\n<div class=\"relative z-[1] flex max-w-full flex-1 flex-col h-full max-xs:[--force-hide-label:none]\" aria-haspopup=\"dialog\" aria-expanded=\"false\" aria-controls=\"radix-:r109:\" data-state=\"closed\">\n<div class=\"flex w-full cursor-text flex-col items-center justify-center rounded-[28px] border border-token-border-xlight contain-inline-size overflow-clip shadow-sm dark:!shadow-none sm:shadow-lg bg-token-main-surface-primary dark:bg-[#303030]\">\n<div class=\"relative flex w-full items-end px-3 py-3\">\n<div class=\"relative flex w-full flex-auto flex-col\">\n<div>\n<p data-pm-slice=\"1 1 []\">La nostra empresa ofereix un ampli cat\u00e0leg d\u2019eines i equips per a jardiners professionals i particulars, garantint seguretat, qualitat i facilitats d\u2019\u00fas en cadascun dels nostres productes.<\/p>\n<h2>Avantatges del lloguer de maquin\u00e0ria per a jardineria<\/h2>\n<p>El lloguer de maquin\u00e0ria de jardineria \u00e9s una alternativa rendible i eficient per a aquells que necessiten equips especialitzats sense la necessitat d\u2019una inversi\u00f3 elevada. Entre els principals beneficis destaquen:<\/p>\n<ul data-spread=\"false\">\n<li><strong>Estalvi econ\u00f2mic<\/strong>: Evita la compra de costosos equips que nom\u00e9s s\u2019utilitzen en ocasions puntuals.<\/li>\n<li><strong>Manteniment garantit<\/strong>: Tots els nostres equips es troben en \u00f2ptimes condicions i compleixen amb les normatives de seguretat.<\/li>\n<li><strong>Varietat d\u2019opcions<\/strong>: Comptem amb una gran gamma de maquin\u00e0ria per cobrir totes les necessitats.<\/li>\n<li><strong>Assessorament especialitzat<\/strong>: T\u2019ajudem a escollir la millor opci\u00f3 segons les teves necessitats.<\/li>\n<\/ul>\n<h2>Maquin\u00e0ria de jardineria disponible a Costa Rent<\/h2>\n<h3><strong>Desbrossadora de gasolina<\/strong><\/h3>\n<p>Ideal per tallar gespa en zones de dif\u00edcil acc\u00e9s i netejar solars de males herbes. Funciona amb un motor de 2 temps de gasolina, la qual cosa garanteix pot\u00e8ncia i efici\u00e8ncia.<\/p>\n<h3><strong>Motoaixada<\/strong><\/h3>\n<p>Perfecta per a treballs agr\u00edcoles i manteniment d\u2019espais verds. El seu motor de 4 temps de gasolina sense plom permet treballar en terrenys durs i accidentats amb gran facilitat.<\/p>\n<h3><strong>Motoserra<\/strong><\/h3>\n<p>Disposem de models de gasolina i el\u00e8ctrics. Ideals per a treballs de tala, poda d\u2019arbres i preparaci\u00f3 de llenya. La versi\u00f3 de gasolina compta amb una espasa de 450mm, mentre que l\u2019el\u00e8ctrica en t\u00e9 una de 350mm.<\/p>\n<h3><strong>Tallatanques<\/strong><\/h3>\n<p>Eina essencial per al retall i manteniment de tanques i arbres. Equipada amb una espasa de tall de 680mm i empunyadura girat\u00f2ria per a una major comoditat en el seu maneig.<\/p>\n<h3><strong>Bufador de fulles<\/strong><\/h3>\n<p>Perfecte per a la neteja de fulles en grans superf\u00edcies, sent una excel\u00b7lent opci\u00f3 per a comunitats de ve\u00efns i brigades municipals. El seu motor de 2 temps de gasolina ofereix un gran cabal d\u2019aire amb un pes redu\u00eft de 3,9kg.<\/p>\n<h3><strong>Tricador<\/strong><\/h3>\n<p>Dissenyat per fer forats en terrenys agr\u00edcoles i forestals, facilitant la col\u00b7locaci\u00f3 de pals i senyalitzacions. Disponible amb una barrina de 150mm de di\u00e0metre.<\/p>\n<h2>Lloguer de maquin\u00e0ria per a jardineria a Barcelona i rodalies<\/h2>\n<p>A Costa Rent garantim una experi\u00e8ncia de lloguer sense complicacions. Ens preocupem per oferir maquin\u00e0ria que compleixi amb els est\u00e0ndards de seguretat i brindem assessorament professional perqu\u00e8 escullis l\u2019equip adequat.<\/p>\n<p>Si necessites llogar maquin\u00e0ria de jardineria a Barcelona i rodalies, consulta el nostre cat\u00e0leg i troba l\u2019opci\u00f3 perfecta per a tu. El nostre equip d\u2019especialistes est\u00e0 preparat per ajudar-te.<\/p>\n<p><strong>Contacta amb Costa Rent avui mateix i optimitza els teus treballs de jardineria amb el nostre servei de lloguer!<\/strong><\/p>\n<\/div>\n<\/div>\n<\/div>\n<\/div>\n<\/div>\n<\/div>\n<\/div>\n<\/div>\n<\/div>\n<\/div>\n<\/div>\n<\/div>\n<\/div>\n<\/form>\n<\/div>\n<\/div>\n<\/div>\n<\/div>\n<\/div>\n<\/div>\n","protected":false},"excerpt":{"rendered":"<p>La nostra empresa ofereix un ampli cat\u00e0leg d\u2019eines i equips per a jardiners professionals i particulars, garantint seguretat, qualitat i facilitats d\u2019\u00fas en cadascun dels nostres productes.<\/p>\n","protected":false},"author":5,"featured_media":5709,"comment_status":"closed","ping_status":"closed","sticky":false,"template":"","format":"standard","meta":{"_monsterinsights_skip_tracking":false,"_monsterinsights_sitenote_active":false,"_monsterinsights_sitenote_note":"","_monsterinsights_sitenote_category":0,"footnotes":""},"categories":[44],"tags":[],"class_list":["post-5700","post","type-post","status-publish","format-standard","has-post-thumbnail","hentry","category-noticies","cat-44-id","has_thumb"],"_links":{"self":[{"href":"https:\/\/costarent.es\/ca\/wp-json\/wp\/v2\/posts\/5700","targetHints":{"allow":["GET"]}}],"collection":[{"href":"https:\/\/costarent.es\/ca\/wp-json\/wp\/v2\/posts"}],"about":[{"href":"https:\/\/costarent.es\/ca\/wp-json\/wp\/v2\/types\/post"}],"author":[{"embeddable":true,"href":"https:\/\/costarent.es\/ca\/wp-json\/wp\/v2\/users\/5"}],"replies":[{"embeddable":true,"href":"https:\/\/costarent.es\/ca\/wp-json\/wp\/v2\/comments?post=5700"}],"version-history":[{"count":2,"href":"https:\/\/costarent.es\/ca\/wp-json\/wp\/v2\/posts\/5700\/revisions"}],"predecessor-version":[{"id":5759,"href":"https:\/\/costarent.es\/ca\/wp-json\/wp\/v2\/posts\/5700\/revisions\/5759"}],"wp:featuredmedia":[{"embeddable":true,"href":"https:\/\/costarent.es\/ca\/wp-json\/wp\/v2\/media\/5709"}],"wp:attachment":[{"href":"https:\/\/costarent.es\/ca\/wp-json\/wp\/v2\/media?parent=5700"}],"wp:term":[{"taxonomy":"category","embeddable":true,"href":"https:\/\/costarent.es\/ca\/wp-json\/wp\/v2\/categories?post=5700"},{"taxonomy":"post_tag","embeddable":true,"href":"https:\/\/costarent.es\/ca\/wp-json\/wp\/v2\/tags?post=5700"}],"curies":[{"name":"wp","href":"https:\/\/api.w.org\/{rel}","templated":true}]}}